{"id":14453,"date":"2024-08-08T11:52:03","date_gmt":"2024-08-08T09:52:03","guid":{"rendered":"https:\/\/oenobiol.com\/?p=14453"},"modified":"2024-09-17T11:39:29","modified_gmt":"2024-09-17T09:39:29","slug":"el-sol-un-responsable-del-envejecimiento-cutaneo-2","status":"publish","type":"post","link":"https:\/\/oenobiol.com\/es_es\/solar-es_es\/el-sol-un-responsable-del-envejecimiento-cutaneo-2\/","title":{"rendered":"El sol : \u00bfUn responsable del envejecimiento cutaneo ?"},"content":{"rendered":"<p>Adem\u00e1s de la edad, que conlleva la evoluci\u00f3n natural de nuestros tejidos cut\u00e1neos, el fotoenvejecimiento provocado por las exposiciones solares repetidas tambi\u00e9n causa importantes degradaciones en todas las capas de nuestra piel. Te contamos m\u00e1s sobre este fen\u00f3meno y c\u00f3mo limitar sus efectos.<\/p>\n","protected":false},"excerpt":{"rendered":"<p>Adem\u00e1s de la edad, que conlleva la evoluci\u00f3n natural de nuestros tejidos cut\u00e1neos, el fotoenvejecimiento provocado por las exposiciones solares repetidas tambi\u00e9n causa importantes degradaciones en todas las capas de nuestra piel. Te contamos m\u00e1s sobre este fen\u00f3meno y c\u00f3mo limitar sus efectos.<\/p>\n","protected":false},"author":2,"featured_media":12051,"comment_status":"closed","ping_status":"closed","sticky":false,"template":"","format":"standard","meta":{"_acf_changed":false,"inline_featured_image":false,"footnotes":""},"categories":[456],"class_list":["post-14453","post","type-post","status-publish","format-standard","has-post-thumbnail","hentry","category-solar-es_es"],"acf":[],"yoast_head":"<!-- This site is optimized with the Yoast SEO plugin v27.0 - https:\/\/yoast.com\/product\/yoast-seo-wordpress\/ -->\n<title>El sol : \u00bfUn responsable del envejecimiento cutaneo ? - Oenobiol<\/title>\n<meta name=\"description\" content=\"Te contamos m\u00e1s sobre el fotoenvejecimiento causado por la exposici\u00f3n al sol y c\u00f3mo evitarlo adoptando buenos h\u00e1bitos\" \/>\n<meta name=\"robots\" content=\"index, follow, max-snippet:-1, max-image-preview:large, max-video-preview:-1\" \/>\n<link rel=\"canonical\" href=\"https:\/\/oenobiol.com\/es_es\/solar-es_es\/el-sol-un-responsable-del-envejecimiento-cutaneo-2\/\" \/>\n<meta property=\"og:locale\" content=\"es_ES\" \/>\n<meta property=\"og:type\" content=\"article\" \/>\n<meta property=\"og:title\" content=\"El sol : \u00bfUn responsable del envejecimiento cutaneo ? - Oenobiol\" \/>\n<meta property=\"og:description\" content=\"Te contamos m\u00e1s sobre el fotoenvejecimiento causado por la exposici\u00f3n al sol y c\u00f3mo evitarlo adoptando buenos h\u00e1bitos\" \/>\n<meta property=\"og:url\" content=\"https:\/\/oenobiol.com\/es_es\/solar-es_es\/el-sol-un-responsable-del-envejecimiento-cutaneo-2\/\" \/>\n<meta property=\"og:site_name\" content=\"Oenobiol\" \/>\n<meta property=\"article:published_time\" content=\"2024-08-08T09:52:03+00:00\" \/>\n<meta property=\"article:modified_time\" content=\"2024-09-17T09:39:29+00:00\" \/>\n<meta property=\"og:image\" content=\"https:\/\/oenobiol.com\/app\/uploads\/2024\/04\/vieillissement-soleil.png\" \/>\n\t<meta property=\"og:image:width\" content=\"1150\" \/>\n\t<meta property=\"og:image:height\" content=\"500\" \/>\n\t<meta property=\"og:image:type\" content=\"image\/png\" \/>\n<meta name=\"author\" content=\"Alexandra Bretonnier\" \/>\n<meta name=\"twitter:card\" content=\"summary_large_image\" \/>\n<meta name=\"twitter:label1\" content=\"Written by\" \/>\n\t<meta name=\"twitter:data1\" content=\"Alexandra Bretonnier\" \/>\n\t<meta name=\"twitter:label2\" content=\"Est. reading time\" \/>\n\t<meta name=\"twitter:data2\" content=\"1 minute\" \/>\n<script type=\"application\/ld+json\" class=\"yoast-schema-graph\">{\"@context\":\"https:\/\/schema.org\",\"@graph\":[{\"@type\":\"Article\",\"@id\":\"https:\/\/oenobiol.com\/es_es\/solar-es_es\/el-sol-un-responsable-del-envejecimiento-cutaneo-2\/#article\",\"isPartOf\":{\"@id\":\"https:\/\/oenobiol.com\/es_es\/solar-es_es\/el-sol-un-responsable-del-envejecimiento-cutaneo-2\/\"},\"author\":{\"name\":\"Alexandra Bretonnier\",\"@id\":\"https:\/\/oenobiol.com\/es_es\/#\/schema\/person\/f1797fa03856d8aeff021080c33cb2ba\"},\"headline\":\"El sol : \u00bfUn responsable del envejecimiento cutaneo ?\",\"datePublished\":\"2024-08-08T09:52:03+00:00\",\"dateModified\":\"2024-09-17T09:39:29+00:00\",\"mainEntityOfPage\":{\"@id\":\"https:\/\/oenobiol.com\/es_es\/solar-es_es\/el-sol-un-responsable-del-envejecimiento-cutaneo-2\/\"},\"wordCount\":57,\"publisher\":{\"@id\":\"https:\/\/oenobiol.com\/es_es\/#organization\"},\"image\":{\"@id\":\"https:\/\/oenobiol.com\/es_es\/solar-es_es\/el-sol-un-responsable-del-envejecimiento-cutaneo-2\/#primaryimage\"},\"thumbnailUrl\":\"https:\/\/oenobiol.com\/app\/uploads\/2024\/04\/vieillissement-soleil.png\",\"articleSection\":[\"SOLAR\"],\"inLanguage\":\"es-ES-\"},{\"@type\":\"WebPage\",\"@id\":\"https:\/\/oenobiol.com\/es_es\/solar-es_es\/el-sol-un-responsable-del-envejecimiento-cutaneo-2\/\",\"url\":\"https:\/\/oenobiol.com\/es_es\/solar-es_es\/el-sol-un-responsable-del-envejecimiento-cutaneo-2\/\",\"name\":\"El sol : \u00bfUn responsable del envejecimiento cutaneo ? - Oenobiol\",\"isPartOf\":{\"@id\":\"https:\/\/oenobiol.com\/es_es\/#website\"},\"primaryImageOfPage\":{\"@id\":\"https:\/\/oenobiol.com\/es_es\/solar-es_es\/el-sol-un-responsable-del-envejecimiento-cutaneo-2\/#primaryimage\"},\"image\":{\"@id\":\"https:\/\/oenobiol.com\/es_es\/solar-es_es\/el-sol-un-responsable-del-envejecimiento-cutaneo-2\/#primaryimage\"},\"thumbnailUrl\":\"https:\/\/oenobiol.com\/app\/uploads\/2024\/04\/vieillissement-soleil.png\",\"datePublished\":\"2024-08-08T09:52:03+00:00\",\"dateModified\":\"2024-09-17T09:39:29+00:00\",\"description\":\"Te contamos m\u00e1s sobre el fotoenvejecimiento causado por la exposici\u00f3n al sol y c\u00f3mo evitarlo adoptando buenos h\u00e1bitos\",\"breadcrumb\":{\"@id\":\"https:\/\/oenobiol.com\/es_es\/solar-es_es\/el-sol-un-responsable-del-envejecimiento-cutaneo-2\/#breadcrumb\"},\"inLanguage\":\"es-ES-\",\"potentialAction\":[{\"@type\":\"ReadAction\",\"target\":[\"https:\/\/oenobiol.com\/es_es\/solar-es_es\/el-sol-un-responsable-del-envejecimiento-cutaneo-2\/\"]}]},{\"@type\":\"ImageObject\",\"inLanguage\":\"es-ES-\",\"@id\":\"https:\/\/oenobiol.com\/es_es\/solar-es_es\/el-sol-un-responsable-del-envejecimiento-cutaneo-2\/#primaryimage\",\"url\":\"https:\/\/oenobiol.com\/app\/uploads\/2024\/04\/vieillissement-soleil.png\",\"contentUrl\":\"https:\/\/oenobiol.com\/app\/uploads\/2024\/04\/vieillissement-soleil.png\",\"width\":1150,\"height\":500,\"caption\":\"Comprendre le vieillissement soleil - illustration article\"},{\"@type\":\"BreadcrumbList\",\"@id\":\"https:\/\/oenobiol.com\/es_es\/solar-es_es\/el-sol-un-responsable-del-envejecimiento-cutaneo-2\/#breadcrumb\",\"itemListElement\":[{\"@type\":\"ListItem\",\"position\":1,\"name\":\"Inicio\",\"item\":\"https:\/\/oenobiol.com\/es_es\/\"},{\"@type\":\"ListItem\",\"position\":2,\"name\":\"El sol : \u00bfUn responsable del envejecimiento cutaneo ?\"}]},{\"@type\":\"WebSite\",\"@id\":\"https:\/\/oenobiol.com\/es_es\/#website\",\"url\":\"https:\/\/oenobiol.com\/es_es\/\",\"name\":\"Oenobiol\",\"description\":\"\",\"publisher\":{\"@id\":\"https:\/\/oenobiol.com\/es_es\/#organization\"},\"potentialAction\":[{\"@type\":\"SearchAction\",\"target\":{\"@type\":\"EntryPoint\",\"urlTemplate\":\"https:\/\/oenobiol.com\/es_es\/?s={search_term_string}\"},\"query-input\":{\"@type\":\"PropertyValueSpecification\",\"valueRequired\":true,\"valueName\":\"search_term_string\"}}],\"inLanguage\":\"es-ES-\"},{\"@type\":\"Organization\",\"@id\":\"https:\/\/oenobiol.com\/es_es\/#organization\",\"name\":\"Oenobiol\",\"url\":\"https:\/\/oenobiol.com\/es_es\/\",\"logo\":{\"@type\":\"ImageObject\",\"inLanguage\":\"es-ES-\",\"@id\":\"https:\/\/oenobiol.com\/es_es\/#\/schema\/logo\/image\/\",\"url\":\"https:\/\/oenobiol.com\/app\/uploads\/2024\/05\/logo-baseline-2-1.svg\",\"contentUrl\":\"https:\/\/oenobiol.com\/app\/uploads\/2024\/05\/logo-baseline-2-1.svg\",\"width\":131,\"height\":41,\"caption\":\"Oenobiol\"},\"image\":{\"@id\":\"https:\/\/oenobiol.com\/es_es\/#\/schema\/logo\/image\/\"}},{\"@type\":\"Person\",\"@id\":\"https:\/\/oenobiol.com\/es_es\/#\/schema\/person\/f1797fa03856d8aeff021080c33cb2ba\",\"name\":\"Alexandra Bretonnier\",\"image\":{\"@type\":\"ImageObject\",\"inLanguage\":\"es-ES-\",\"@id\":\"https:\/\/oenobiol.com\/es_es\/#\/schema\/person\/image\/\",\"url\":\"https:\/\/secure.gravatar.com\/avatar\/4dc7d0bc5c83c123a9ca900cc4e9a72fbd8ab02098da88f9ada837e7a04fcee7?s=96&d=mm&r=g\",\"contentUrl\":\"https:\/\/secure.gravatar.com\/avatar\/4dc7d0bc5c83c123a9ca900cc4e9a72fbd8ab02098da88f9ada837e7a04fcee7?s=96&d=mm&r=g\",\"caption\":\"Alexandra Bretonnier\"}}]}<\/script>\n<!-- \/ Yoast SEO plugin. -->","yoast_head_json":{"title":"El sol : \u00bfUn responsable del envejecimiento cutaneo ? - Oenobiol","description":"Te contamos m\u00e1s sobre el fotoenvejecimiento causado por la exposici\u00f3n al sol y c\u00f3mo evitarlo adoptando buenos h\u00e1bitos","robots":{"index":"index","follow":"follow","max-snippet":"max-snippet:-1","max-image-preview":"max-image-preview:large","max-video-preview":"max-video-preview:-1"},"canonical":"https:\/\/oenobiol.com\/es_es\/solar-es_es\/el-sol-un-responsable-del-envejecimiento-cutaneo-2\/","og_locale":"es_ES","og_type":"article","og_title":"El sol : \u00bfUn responsable del envejecimiento cutaneo ? - Oenobiol","og_description":"Te contamos m\u00e1s sobre el fotoenvejecimiento causado por la exposici\u00f3n al sol y c\u00f3mo evitarlo adoptando buenos h\u00e1bitos","og_url":"https:\/\/oenobiol.com\/es_es\/solar-es_es\/el-sol-un-responsable-del-envejecimiento-cutaneo-2\/","og_site_name":"Oenobiol","article_published_time":"2024-08-08T09:52:03+00:00","article_modified_time":"2024-09-17T09:39:29+00:00","og_image":[{"width":1150,"height":500,"url":"https:\/\/oenobiol.com\/app\/uploads\/2024\/04\/vieillissement-soleil.png","type":"image\/png"}],"author":"Alexandra Bretonnier","twitter_card":"summary_large_image","twitter_misc":{"Written by":"Alexandra Bretonnier","Est. reading time":"1 minute"},"schema":{"@context":"https:\/\/schema.org","@graph":[{"@type":"Article","@id":"https:\/\/oenobiol.com\/es_es\/solar-es_es\/el-sol-un-responsable-del-envejecimiento-cutaneo-2\/#article","isPartOf":{"@id":"https:\/\/oenobiol.com\/es_es\/solar-es_es\/el-sol-un-responsable-del-envejecimiento-cutaneo-2\/"},"author":{"name":"Alexandra Bretonnier","@id":"https:\/\/oenobiol.com\/es_es\/#\/schema\/person\/f1797fa03856d8aeff021080c33cb2ba"},"headline":"El sol : \u00bfUn responsable del envejecimiento cutaneo ?","datePublished":"2024-08-08T09:52:03+00:00","dateModified":"2024-09-17T09:39:29+00:00","mainEntityOfPage":{"@id":"https:\/\/oenobiol.com\/es_es\/solar-es_es\/el-sol-un-responsable-del-envejecimiento-cutaneo-2\/"},"wordCount":57,"publisher":{"@id":"https:\/\/oenobiol.com\/es_es\/#organization"},"image":{"@id":"https:\/\/oenobiol.com\/es_es\/solar-es_es\/el-sol-un-responsable-del-envejecimiento-cutaneo-2\/#primaryimage"},"thumbnailUrl":"https:\/\/oenobiol.com\/app\/uploads\/2024\/04\/vieillissement-soleil.png","articleSection":["SOLAR"],"inLanguage":"es-ES-"},{"@type":"WebPage","@id":"https:\/\/oenobiol.com\/es_es\/solar-es_es\/el-sol-un-responsable-del-envejecimiento-cutaneo-2\/","url":"https:\/\/oenobiol.com\/es_es\/solar-es_es\/el-sol-un-responsable-del-envejecimiento-cutaneo-2\/","name":"El sol : \u00bfUn responsable del envejecimiento cutaneo ? - Oenobiol","isPartOf":{"@id":"https:\/\/oenobiol.com\/es_es\/#website"},"primaryImageOfPage":{"@id":"https:\/\/oenobiol.com\/es_es\/solar-es_es\/el-sol-un-responsable-del-envejecimiento-cutaneo-2\/#primaryimage"},"image":{"@id":"https:\/\/oenobiol.com\/es_es\/solar-es_es\/el-sol-un-responsable-del-envejecimiento-cutaneo-2\/#primaryimage"},"thumbnailUrl":"https:\/\/oenobiol.com\/app\/uploads\/2024\/04\/vieillissement-soleil.png","datePublished":"2024-08-08T09:52:03+00:00","dateModified":"2024-09-17T09:39:29+00:00","description":"Te contamos m\u00e1s sobre el fotoenvejecimiento causado por la exposici\u00f3n al sol y c\u00f3mo evitarlo adoptando buenos h\u00e1bitos","breadcrumb":{"@id":"https:\/\/oenobiol.com\/es_es\/solar-es_es\/el-sol-un-responsable-del-envejecimiento-cutaneo-2\/#breadcrumb"},"inLanguage":"es-ES-","potentialAction":[{"@type":"ReadAction","target":["https:\/\/oenobiol.com\/es_es\/solar-es_es\/el-sol-un-responsable-del-envejecimiento-cutaneo-2\/"]}]},{"@type":"ImageObject","inLanguage":"es-ES-","@id":"https:\/\/oenobiol.com\/es_es\/solar-es_es\/el-sol-un-responsable-del-envejecimiento-cutaneo-2\/#primaryimage","url":"https:\/\/oenobiol.com\/app\/uploads\/2024\/04\/vieillissement-soleil.png","contentUrl":"https:\/\/oenobiol.com\/app\/uploads\/2024\/04\/vieillissement-soleil.png","width":1150,"height":500,"caption":"Comprendre le vieillissement soleil - illustration article"},{"@type":"BreadcrumbList","@id":"https:\/\/oenobiol.com\/es_es\/solar-es_es\/el-sol-un-responsable-del-envejecimiento-cutaneo-2\/#breadcrumb","itemListElement":[{"@type":"ListItem","position":1,"name":"Inicio","item":"https:\/\/oenobiol.com\/es_es\/"},{"@type":"ListItem","position":2,"name":"El sol : \u00bfUn responsable del envejecimiento cutaneo ?"}]},{"@type":"WebSite","@id":"https:\/\/oenobiol.com\/es_es\/#website","url":"https:\/\/oenobiol.com\/es_es\/","name":"Oenobiol","description":"","publisher":{"@id":"https:\/\/oenobiol.com\/es_es\/#organization"},"potentialAction":[{"@type":"SearchAction","target":{"@type":"EntryPoint","urlTemplate":"https:\/\/oenobiol.com\/es_es\/?s={search_term_string}"},"query-input":{"@type":"PropertyValueSpecification","valueRequired":true,"valueName":"search_term_string"}}],"inLanguage":"es-ES-"},{"@type":"Organization","@id":"https:\/\/oenobiol.com\/es_es\/#organization","name":"Oenobiol","url":"https:\/\/oenobiol.com\/es_es\/","logo":{"@type":"ImageObject","inLanguage":"es-ES-","@id":"https:\/\/oenobiol.com\/es_es\/#\/schema\/logo\/image\/","url":"https:\/\/oenobiol.com\/app\/uploads\/2024\/05\/logo-baseline-2-1.svg","contentUrl":"https:\/\/oenobiol.com\/app\/uploads\/2024\/05\/logo-baseline-2-1.svg","width":131,"height":41,"caption":"Oenobiol"},"image":{"@id":"https:\/\/oenobiol.com\/es_es\/#\/schema\/logo\/image\/"}},{"@type":"Person","@id":"https:\/\/oenobiol.com\/es_es\/#\/schema\/person\/f1797fa03856d8aeff021080c33cb2ba","name":"Alexandra Bretonnier","image":{"@type":"ImageObject","inLanguage":"es-ES-","@id":"https:\/\/oenobiol.com\/es_es\/#\/schema\/person\/image\/","url":"https:\/\/secure.gravatar.com\/avatar\/4dc7d0bc5c83c123a9ca900cc4e9a72fbd8ab02098da88f9ada837e7a04fcee7?s=96&d=mm&r=g","contentUrl":"https:\/\/secure.gravatar.com\/avatar\/4dc7d0bc5c83c123a9ca900cc4e9a72fbd8ab02098da88f9ada837e7a04fcee7?s=96&d=mm&r=g","caption":"Alexandra Bretonnier"}}]}},"_links":{"self":[{"href":"https:\/\/oenobiol.com\/es_es\/wp-json\/wp\/v2\/posts\/14453","targetHints":{"allow":["GET"]}}],"collection":[{"href":"https:\/\/oenobiol.com\/es_es\/wp-json\/wp\/v2\/posts"}],"about":[{"href":"https:\/\/oenobiol.com\/es_es\/wp-json\/wp\/v2\/types\/post"}],"author":[{"embeddable":true,"href":"https:\/\/oenobiol.com\/es_es\/wp-json\/wp\/v2\/users\/2"}],"replies":[{"embeddable":true,"href":"https:\/\/oenobiol.com\/es_es\/wp-json\/wp\/v2\/comments?post=14453"}],"version-history":[{"count":3,"href":"https:\/\/oenobiol.com\/es_es\/wp-json\/wp\/v2\/posts\/14453\/revisions"}],"predecessor-version":[{"id":16489,"href":"https:\/\/oenobiol.com\/es_es\/wp-json\/wp\/v2\/posts\/14453\/revisions\/16489"}],"wp:featuredmedia":[{"embeddable":true,"href":"https:\/\/oenobiol.com\/es_es\/wp-json\/wp\/v2\/media\/12051"}],"wp:attachment":[{"href":"https:\/\/oenobiol.com\/es_es\/wp-json\/wp\/v2\/media?parent=14453"}],"wp:term":[{"taxonomy":"category","embeddable":true,"href":"https:\/\/oenobiol.com\/es_es\/wp-json\/wp\/v2\/categories?post=14453"}],"curies":[{"name":"wp","href":"https:\/\/api.w.org\/{rel}","templated":true}]}}