{"id":14460,"date":"2024-04-19T20:56:56","date_gmt":"2024-04-19T18:56:56","guid":{"rendered":"https:\/\/oenobiol.com\/uncategorized-es_es\/pourquoi-je-perds-mes-cheveux\/"},"modified":"2024-08-22T15:00:20","modified_gmt":"2024-08-22T13:00:20","slug":"por-que-estoy-perdiendo-mi-cabello","status":"publish","type":"post","link":"https:\/\/oenobiol.com\/es_es\/belleza-es_es\/por-que-estoy-perdiendo-mi-cabello\/","title":{"rendered":"\u00bfPor qu\u00e9 estoy perdiendo mi cabello?"},"content":{"rendered":"<div class=\"flex-shrink-0 flex flex-col relative items-end\">\n<div>\n<div class=\"pt-0.5 juice:pt-0\">\n<div class=\"gizmo-bot-avatar flex h-6 w-6 items-center justify-center overflow-hidden rounded-full juice:h-8 juice:w-8\">\n<div><\/div>\n<div class=\"relative p-1 rounded-sm flex items-center justify-center bg-token-main-surface-primary text-token-text-primary h-8 w-8\">La p\u00e9rdida de cabello es un problema com\u00fan que puede afectar tanto a hombres como a mujeres en diferentes etapas de sus vidas. Ya sea causada por factores gen\u00e9ticos, cambios hormonales o h\u00e1bitos de vida, la ca\u00edda del cabello puede tener un impacto significativo en la confianza en uno mismo y el bienestar general. En este art\u00edculo, exploraremos las causas de la ca\u00edda del cabello y ofreceremos consejos para mantener un cabello saludable.<\/div>\n<\/div>\n<\/div>\n<\/div>\n<\/div>\n","protected":false},"excerpt":{"rendered":"<p>La p\u00e9rdida de cabello es un problema com\u00fan que puede afectar tanto a hombres como a mujeres en diferentes etapas de sus vidas. Ya sea causada por factores gen\u00e9ticos, cambios hormonales o h\u00e1bitos de vida, la ca\u00edda del cabello puede tener un impacto significativo en la confianza en uno mismo y el bienestar general. En [&hellip;]<\/p>\n","protected":false},"author":3,"featured_media":12052,"comment_status":"closed","ping_status":"closed","sticky":false,"template":"","format":"standard","meta":{"_acf_changed":false,"inline_featured_image":false,"footnotes":""},"categories":[451],"class_list":["post-14460","post","type-post","status-publish","format-standard","has-post-thumbnail","hentry","category-belleza-es_es"],"acf":[],"yoast_head":"<!-- This site is optimized with the Yoast SEO plugin v27.4 - https:\/\/yoast.com\/product\/yoast-seo-wordpress\/ -->\n<title>\u00bfPor qu\u00e9 estoy perdiendo mi cabello? - Oenobiol<\/title>\n<meta name=\"description\" content=\"\u00bfQu\u00e9 causa la ca\u00edda del cabello y qu\u00e9 se puede hacer para mantener un cabello saludable? \u00a1Te lo contamos todo en este art\u00edculo!\" \/>\n<meta name=\"robots\" content=\"index, follow, max-snippet:-1, max-image-preview:large, max-video-preview:-1\" \/>\n<link rel=\"canonical\" href=\"https:\/\/oenobiol.com\/es_es\/belleza-es_es\/por-que-estoy-perdiendo-mi-cabello\/\" \/>\n<meta property=\"og:locale\" content=\"es_ES\" \/>\n<meta property=\"og:type\" content=\"article\" \/>\n<meta property=\"og:title\" content=\"\u00bfPor qu\u00e9 estoy perdiendo mi cabello? - Oenobiol\" \/>\n<meta property=\"og:description\" content=\"\u00bfQu\u00e9 causa la ca\u00edda del cabello y qu\u00e9 se puede hacer para mantener un cabello saludable? \u00a1Te lo contamos todo en este art\u00edculo!\" \/>\n<meta property=\"og:url\" content=\"https:\/\/oenobiol.com\/es_es\/belleza-es_es\/por-que-estoy-perdiendo-mi-cabello\/\" \/>\n<meta property=\"og:site_name\" content=\"Oenobiol\" \/>\n<meta property=\"article:published_time\" content=\"2024-04-19T18:56:56+00:00\" \/>\n<meta property=\"article:modified_time\" content=\"2024-08-22T13:00:20+00:00\" \/>\n<meta property=\"og:image\" content=\"https:\/\/oenobiol.com\/app\/uploads\/2024\/04\/chute-de-cheveux.png\" \/>\n\t<meta property=\"og:image:width\" content=\"1150\" \/>\n\t<meta property=\"og:image:height\" content=\"500\" \/>\n\t<meta property=\"og:image:type\" content=\"image\/png\" \/>\n<meta name=\"author\" content=\"csimonot\" \/>\n<meta name=\"twitter:card\" content=\"summary_large_image\" \/>\n<meta name=\"twitter:label1\" content=\"Written by\" \/>\n\t<meta name=\"twitter:data1\" content=\"csimonot\" \/>\n\t<meta name=\"twitter:label2\" content=\"Est. reading time\" \/>\n\t<meta name=\"twitter:data2\" content=\"1 minute\" \/>\n<script type=\"application\/ld+json\" class=\"yoast-schema-graph\">{\"@context\":\"https:\\\/\\\/schema.org\",\"@graph\":[{\"@type\":\"Article\",\"@id\":\"https:\\\/\\\/oenobiol.com\\\/es_es\\\/belleza-es_es\\\/por-que-estoy-perdiendo-mi-cabello\\\/#article\",\"isPartOf\":{\"@id\":\"https:\\\/\\\/oenobiol.com\\\/es_es\\\/belleza-es_es\\\/por-que-estoy-perdiendo-mi-cabello\\\/\"},\"author\":{\"name\":\"csimonot\",\"@id\":\"https:\\\/\\\/oenobiol.com\\\/es_es\\\/#\\\/schema\\\/person\\\/970723da77d19ac2571aa0d1b7ad75df\"},\"headline\":\"\u00bfPor qu\u00e9 estoy perdiendo mi cabello?\",\"datePublished\":\"2024-04-19T18:56:56+00:00\",\"dateModified\":\"2024-08-22T13:00:20+00:00\",\"mainEntityOfPage\":{\"@id\":\"https:\\\/\\\/oenobiol.com\\\/es_es\\\/belleza-es_es\\\/por-que-estoy-perdiendo-mi-cabello\\\/\"},\"wordCount\":86,\"publisher\":{\"@id\":\"https:\\\/\\\/oenobiol.com\\\/es_es\\\/#organization\"},\"image\":{\"@id\":\"https:\\\/\\\/oenobiol.com\\\/es_es\\\/belleza-es_es\\\/por-que-estoy-perdiendo-mi-cabello\\\/#primaryimage\"},\"thumbnailUrl\":\"https:\\\/\\\/oenobiol.com\\\/app\\\/uploads\\\/2024\\\/04\\\/chute-de-cheveux.png\",\"articleSection\":[\"Belleza\"],\"inLanguage\":\"es-ES-\"},{\"@type\":\"WebPage\",\"@id\":\"https:\\\/\\\/oenobiol.com\\\/es_es\\\/belleza-es_es\\\/por-que-estoy-perdiendo-mi-cabello\\\/\",\"url\":\"https:\\\/\\\/oenobiol.com\\\/es_es\\\/belleza-es_es\\\/por-que-estoy-perdiendo-mi-cabello\\\/\",\"name\":\"\u00bfPor qu\u00e9 estoy perdiendo mi cabello? - Oenobiol\",\"isPartOf\":{\"@id\":\"https:\\\/\\\/oenobiol.com\\\/es_es\\\/#website\"},\"primaryImageOfPage\":{\"@id\":\"https:\\\/\\\/oenobiol.com\\\/es_es\\\/belleza-es_es\\\/por-que-estoy-perdiendo-mi-cabello\\\/#primaryimage\"},\"image\":{\"@id\":\"https:\\\/\\\/oenobiol.com\\\/es_es\\\/belleza-es_es\\\/por-que-estoy-perdiendo-mi-cabello\\\/#primaryimage\"},\"thumbnailUrl\":\"https:\\\/\\\/oenobiol.com\\\/app\\\/uploads\\\/2024\\\/04\\\/chute-de-cheveux.png\",\"datePublished\":\"2024-04-19T18:56:56+00:00\",\"dateModified\":\"2024-08-22T13:00:20+00:00\",\"description\":\"\u00bfQu\u00e9 causa la ca\u00edda del cabello y qu\u00e9 se puede hacer para mantener un cabello saludable? \u00a1Te lo contamos todo en este art\u00edculo!\",\"breadcrumb\":{\"@id\":\"https:\\\/\\\/oenobiol.com\\\/es_es\\\/belleza-es_es\\\/por-que-estoy-perdiendo-mi-cabello\\\/#breadcrumb\"},\"inLanguage\":\"es-ES-\",\"potentialAction\":[{\"@type\":\"ReadAction\",\"target\":[\"https:\\\/\\\/oenobiol.com\\\/es_es\\\/belleza-es_es\\\/por-que-estoy-perdiendo-mi-cabello\\\/\"]}]},{\"@type\":\"ImageObject\",\"inLanguage\":\"es-ES-\",\"@id\":\"https:\\\/\\\/oenobiol.com\\\/es_es\\\/belleza-es_es\\\/por-que-estoy-perdiendo-mi-cabello\\\/#primaryimage\",\"url\":\"https:\\\/\\\/oenobiol.com\\\/app\\\/uploads\\\/2024\\\/04\\\/chute-de-cheveux.png\",\"contentUrl\":\"https:\\\/\\\/oenobiol.com\\\/app\\\/uploads\\\/2024\\\/04\\\/chute-de-cheveux.png\",\"width\":1150,\"height\":500,\"caption\":\"Comprendre la chute de cheveux - article\"},{\"@type\":\"BreadcrumbList\",\"@id\":\"https:\\\/\\\/oenobiol.com\\\/es_es\\\/belleza-es_es\\\/por-que-estoy-perdiendo-mi-cabello\\\/#breadcrumb\",\"itemListElement\":[{\"@type\":\"ListItem\",\"position\":1,\"name\":\"Inicio\",\"item\":\"https:\\\/\\\/oenobiol.com\\\/es_es\\\/\"},{\"@type\":\"ListItem\",\"position\":2,\"name\":\"\u00bfPor qu\u00e9 estoy perdiendo mi cabello?\"}]},{\"@type\":\"WebSite\",\"@id\":\"https:\\\/\\\/oenobiol.com\\\/es_es\\\/#website\",\"url\":\"https:\\\/\\\/oenobiol.com\\\/es_es\\\/\",\"name\":\"Oenobiol\",\"description\":\"\",\"publisher\":{\"@id\":\"https:\\\/\\\/oenobiol.com\\\/es_es\\\/#organization\"},\"potentialAction\":[{\"@type\":\"SearchAction\",\"target\":{\"@type\":\"EntryPoint\",\"urlTemplate\":\"https:\\\/\\\/oenobiol.com\\\/es_es\\\/?s={search_term_string}\"},\"query-input\":{\"@type\":\"PropertyValueSpecification\",\"valueRequired\":true,\"valueName\":\"search_term_string\"}}],\"inLanguage\":\"es-ES-\"},{\"@type\":\"Organization\",\"@id\":\"https:\\\/\\\/oenobiol.com\\\/es_es\\\/#organization\",\"name\":\"Oenobiol\",\"url\":\"https:\\\/\\\/oenobiol.com\\\/es_es\\\/\",\"logo\":{\"@type\":\"ImageObject\",\"inLanguage\":\"es-ES-\",\"@id\":\"https:\\\/\\\/oenobiol.com\\\/es_es\\\/#\\\/schema\\\/logo\\\/image\\\/\",\"url\":\"https:\\\/\\\/oenobiol.com\\\/app\\\/uploads\\\/2024\\\/05\\\/logo-baseline-2-1.svg\",\"contentUrl\":\"https:\\\/\\\/oenobiol.com\\\/app\\\/uploads\\\/2024\\\/05\\\/logo-baseline-2-1.svg\",\"width\":131,\"height\":41,\"caption\":\"Oenobiol\"},\"image\":{\"@id\":\"https:\\\/\\\/oenobiol.com\\\/es_es\\\/#\\\/schema\\\/logo\\\/image\\\/\"}},{\"@type\":\"Person\",\"@id\":\"https:\\\/\\\/oenobiol.com\\\/es_es\\\/#\\\/schema\\\/person\\\/970723da77d19ac2571aa0d1b7ad75df\",\"name\":\"csimonot\",\"image\":{\"@type\":\"ImageObject\",\"inLanguage\":\"es-ES-\",\"@id\":\"https:\\\/\\\/secure.gravatar.com\\\/avatar\\\/c00462acdb85d3511fb6da238511262bfbbcd93993483bca4222de9885b7ff64?s=96&d=mm&r=g\",\"url\":\"https:\\\/\\\/secure.gravatar.com\\\/avatar\\\/c00462acdb85d3511fb6da238511262bfbbcd93993483bca4222de9885b7ff64?s=96&d=mm&r=g\",\"contentUrl\":\"https:\\\/\\\/secure.gravatar.com\\\/avatar\\\/c00462acdb85d3511fb6da238511262bfbbcd93993483bca4222de9885b7ff64?s=96&d=mm&r=g\",\"caption\":\"csimonot\"}}]}<\/script>\n<!-- \/ Yoast SEO plugin. -->","yoast_head_json":{"title":"\u00bfPor qu\u00e9 estoy perdiendo mi cabello? - Oenobiol","description":"\u00bfQu\u00e9 causa la ca\u00edda del cabello y qu\u00e9 se puede hacer para mantener un cabello saludable? \u00a1Te lo contamos todo en este art\u00edculo!","robots":{"index":"index","follow":"follow","max-snippet":"max-snippet:-1","max-image-preview":"max-image-preview:large","max-video-preview":"max-video-preview:-1"},"canonical":"https:\/\/oenobiol.com\/es_es\/belleza-es_es\/por-que-estoy-perdiendo-mi-cabello\/","og_locale":"es_ES","og_type":"article","og_title":"\u00bfPor qu\u00e9 estoy perdiendo mi cabello? - Oenobiol","og_description":"\u00bfQu\u00e9 causa la ca\u00edda del cabello y qu\u00e9 se puede hacer para mantener un cabello saludable? \u00a1Te lo contamos todo en este art\u00edculo!","og_url":"https:\/\/oenobiol.com\/es_es\/belleza-es_es\/por-que-estoy-perdiendo-mi-cabello\/","og_site_name":"Oenobiol","article_published_time":"2024-04-19T18:56:56+00:00","article_modified_time":"2024-08-22T13:00:20+00:00","og_image":[{"width":1150,"height":500,"url":"https:\/\/oenobiol.com\/app\/uploads\/2024\/04\/chute-de-cheveux.png","type":"image\/png"}],"author":"csimonot","twitter_card":"summary_large_image","twitter_misc":{"Written by":"csimonot","Est. reading time":"1 minute"},"schema":{"@context":"https:\/\/schema.org","@graph":[{"@type":"Article","@id":"https:\/\/oenobiol.com\/es_es\/belleza-es_es\/por-que-estoy-perdiendo-mi-cabello\/#article","isPartOf":{"@id":"https:\/\/oenobiol.com\/es_es\/belleza-es_es\/por-que-estoy-perdiendo-mi-cabello\/"},"author":{"name":"csimonot","@id":"https:\/\/oenobiol.com\/es_es\/#\/schema\/person\/970723da77d19ac2571aa0d1b7ad75df"},"headline":"\u00bfPor qu\u00e9 estoy perdiendo mi cabello?","datePublished":"2024-04-19T18:56:56+00:00","dateModified":"2024-08-22T13:00:20+00:00","mainEntityOfPage":{"@id":"https:\/\/oenobiol.com\/es_es\/belleza-es_es\/por-que-estoy-perdiendo-mi-cabello\/"},"wordCount":86,"publisher":{"@id":"https:\/\/oenobiol.com\/es_es\/#organization"},"image":{"@id":"https:\/\/oenobiol.com\/es_es\/belleza-es_es\/por-que-estoy-perdiendo-mi-cabello\/#primaryimage"},"thumbnailUrl":"https:\/\/oenobiol.com\/app\/uploads\/2024\/04\/chute-de-cheveux.png","articleSection":["Belleza"],"inLanguage":"es-ES-"},{"@type":"WebPage","@id":"https:\/\/oenobiol.com\/es_es\/belleza-es_es\/por-que-estoy-perdiendo-mi-cabello\/","url":"https:\/\/oenobiol.com\/es_es\/belleza-es_es\/por-que-estoy-perdiendo-mi-cabello\/","name":"\u00bfPor qu\u00e9 estoy perdiendo mi cabello? - Oenobiol","isPartOf":{"@id":"https:\/\/oenobiol.com\/es_es\/#website"},"primaryImageOfPage":{"@id":"https:\/\/oenobiol.com\/es_es\/belleza-es_es\/por-que-estoy-perdiendo-mi-cabello\/#primaryimage"},"image":{"@id":"https:\/\/oenobiol.com\/es_es\/belleza-es_es\/por-que-estoy-perdiendo-mi-cabello\/#primaryimage"},"thumbnailUrl":"https:\/\/oenobiol.com\/app\/uploads\/2024\/04\/chute-de-cheveux.png","datePublished":"2024-04-19T18:56:56+00:00","dateModified":"2024-08-22T13:00:20+00:00","description":"\u00bfQu\u00e9 causa la ca\u00edda del cabello y qu\u00e9 se puede hacer para mantener un cabello saludable? \u00a1Te lo contamos todo en este art\u00edculo!","breadcrumb":{"@id":"https:\/\/oenobiol.com\/es_es\/belleza-es_es\/por-que-estoy-perdiendo-mi-cabello\/#breadcrumb"},"inLanguage":"es-ES-","potentialAction":[{"@type":"ReadAction","target":["https:\/\/oenobiol.com\/es_es\/belleza-es_es\/por-que-estoy-perdiendo-mi-cabello\/"]}]},{"@type":"ImageObject","inLanguage":"es-ES-","@id":"https:\/\/oenobiol.com\/es_es\/belleza-es_es\/por-que-estoy-perdiendo-mi-cabello\/#primaryimage","url":"https:\/\/oenobiol.com\/app\/uploads\/2024\/04\/chute-de-cheveux.png","contentUrl":"https:\/\/oenobiol.com\/app\/uploads\/2024\/04\/chute-de-cheveux.png","width":1150,"height":500,"caption":"Comprendre la chute de cheveux - article"},{"@type":"BreadcrumbList","@id":"https:\/\/oenobiol.com\/es_es\/belleza-es_es\/por-que-estoy-perdiendo-mi-cabello\/#breadcrumb","itemListElement":[{"@type":"ListItem","position":1,"name":"Inicio","item":"https:\/\/oenobiol.com\/es_es\/"},{"@type":"ListItem","position":2,"name":"\u00bfPor qu\u00e9 estoy perdiendo mi cabello?"}]},{"@type":"WebSite","@id":"https:\/\/oenobiol.com\/es_es\/#website","url":"https:\/\/oenobiol.com\/es_es\/","name":"Oenobiol","description":"","publisher":{"@id":"https:\/\/oenobiol.com\/es_es\/#organization"},"potentialAction":[{"@type":"SearchAction","target":{"@type":"EntryPoint","urlTemplate":"https:\/\/oenobiol.com\/es_es\/?s={search_term_string}"},"query-input":{"@type":"PropertyValueSpecification","valueRequired":true,"valueName":"search_term_string"}}],"inLanguage":"es-ES-"},{"@type":"Organization","@id":"https:\/\/oenobiol.com\/es_es\/#organization","name":"Oenobiol","url":"https:\/\/oenobiol.com\/es_es\/","logo":{"@type":"ImageObject","inLanguage":"es-ES-","@id":"https:\/\/oenobiol.com\/es_es\/#\/schema\/logo\/image\/","url":"https:\/\/oenobiol.com\/app\/uploads\/2024\/05\/logo-baseline-2-1.svg","contentUrl":"https:\/\/oenobiol.com\/app\/uploads\/2024\/05\/logo-baseline-2-1.svg","width":131,"height":41,"caption":"Oenobiol"},"image":{"@id":"https:\/\/oenobiol.com\/es_es\/#\/schema\/logo\/image\/"}},{"@type":"Person","@id":"https:\/\/oenobiol.com\/es_es\/#\/schema\/person\/970723da77d19ac2571aa0d1b7ad75df","name":"csimonot","image":{"@type":"ImageObject","inLanguage":"es-ES-","@id":"https:\/\/secure.gravatar.com\/avatar\/c00462acdb85d3511fb6da238511262bfbbcd93993483bca4222de9885b7ff64?s=96&d=mm&r=g","url":"https:\/\/secure.gravatar.com\/avatar\/c00462acdb85d3511fb6da238511262bfbbcd93993483bca4222de9885b7ff64?s=96&d=mm&r=g","contentUrl":"https:\/\/secure.gravatar.com\/avatar\/c00462acdb85d3511fb6da238511262bfbbcd93993483bca4222de9885b7ff64?s=96&d=mm&r=g","caption":"csimonot"}}]}},"_links":{"self":[{"href":"https:\/\/oenobiol.com\/es_es\/wp-json\/wp\/v2\/posts\/14460","targetHints":{"allow":["GET"]}}],"collection":[{"href":"https:\/\/oenobiol.com\/es_es\/wp-json\/wp\/v2\/posts"}],"about":[{"href":"https:\/\/oenobiol.com\/es_es\/wp-json\/wp\/v2\/types\/post"}],"author":[{"embeddable":true,"href":"https:\/\/oenobiol.com\/es_es\/wp-json\/wp\/v2\/users\/3"}],"replies":[{"embeddable":true,"href":"https:\/\/oenobiol.com\/es_es\/wp-json\/wp\/v2\/comments?post=14460"}],"version-history":[{"count":5,"href":"https:\/\/oenobiol.com\/es_es\/wp-json\/wp\/v2\/posts\/14460\/revisions"}],"predecessor-version":[{"id":16381,"href":"https:\/\/oenobiol.com\/es_es\/wp-json\/wp\/v2\/posts\/14460\/revisions\/16381"}],"wp:featuredmedia":[{"embeddable":true,"href":"https:\/\/oenobiol.com\/es_es\/wp-json\/wp\/v2\/media\/12052"}],"wp:attachment":[{"href":"https:\/\/oenobiol.com\/es_es\/wp-json\/wp\/v2\/media?parent=14460"}],"wp:term":[{"taxonomy":"category","embeddable":true,"href":"https:\/\/oenobiol.com\/es_es\/wp-json\/wp\/v2\/categories?post=14460"}],"curies":[{"name":"wp","href":"https:\/\/api.w.org\/{rel}","templated":true}]}}