{"id":12751,"date":"2024-04-19T15:58:26","date_gmt":"2024-04-19T13:58:26","guid":{"rendered":"https:\/\/oenobiol.com\/magazine\/uncategorized-fr_fr\/ralentir-le-vieillissement-cutane\/"},"modified":"2024-05-21T12:01:18","modified_gmt":"2024-05-21T10:01:18","slug":"ralentir-le-vieillissement-cutane","status":"publish","type":"post","link":"https:\/\/oenobiol.com\/fr_fr\/beaute\/ralentir-le-vieillissement-cutane\/","title":{"rendered":"Ralentir le vieillissement cutan\u00e9"},"content":{"rendered":"<p>Chaque journ\u00e9e, notre peau t\u00e9moigne de notre parcours, arborant les cicatrices des combats men\u00e9s contre les \u00e9l\u00e9ments et les effets du temps qui passe. D\u00e8s les premi\u00e8res manifestations du vieillissement cutan\u00e9, notre \u00e9piderme et notre derme amorcent un processus de m\u00e9tamorphose d\u00e9licat, modifiant leur texture et leur fonctionnement.<\/p>\n","protected":false},"excerpt":{"rendered":"<p>Chaque journ\u00e9e, notre peau t\u00e9moigne de notre parcours, arborant les cicatrices des combats men\u00e9s contre les \u00e9l\u00e9ments et les effets du temps qui passe. D\u00e8s les premi\u00e8res manifestations du vieillissement cutan\u00e9, notre \u00e9piderme et notre derme amorcent un processus de m\u00e9tamorphose d\u00e9licat, modifiant leur texture et leur fonctionnement.<\/p>\n","protected":false},"author":4,"featured_media":9495,"comment_status":"closed","ping_status":"closed","sticky":false,"template":"","format":"standard","meta":{"_acf_changed":false,"inline_featured_image":false,"footnotes":""},"categories":[537],"class_list":["post-12751","post","type-post","status-publish","format-standard","has-post-thumbnail","hentry","category-beaute"],"acf":[],"yoast_head":"<!-- This site is optimized with the Yoast SEO plugin v27.0 - https:\/\/yoast.com\/product\/yoast-seo-wordpress\/ -->\n<title>Ralentir le vieillissement cutan\u00e9 - Oenobiol<\/title>\n<meta name=\"description\" content=\"Si nous ne pouvons pas inverser le processus de vieillissement, nous pouvons en revanche agir t\u00f4t pour le ralentir. Voici nos conseils :\" \/>\n<meta name=\"robots\" content=\"index, follow, max-snippet:-1, max-image-preview:large, max-video-preview:-1\" \/>\n<link rel=\"canonical\" href=\"https:\/\/oenobiol.com\/fr_fr\/beaute\/ralentir-le-vieillissement-cutane\/\" \/>\n<meta property=\"og:locale\" content=\"fr_FR\" \/>\n<meta property=\"og:type\" content=\"article\" \/>\n<meta property=\"og:title\" content=\"Ralentir le vieillissement cutan\u00e9 - Oenobiol\" \/>\n<meta property=\"og:description\" content=\"Si nous ne pouvons pas inverser le processus de vieillissement, nous pouvons en revanche agir t\u00f4t pour le ralentir. Voici nos conseils :\" \/>\n<meta property=\"og:url\" content=\"https:\/\/oenobiol.com\/fr_fr\/beaute\/ralentir-le-vieillissement-cutane\/\" \/>\n<meta property=\"og:site_name\" content=\"Oenobiol\" \/>\n<meta property=\"article:published_time\" content=\"2024-04-19T13:58:26+00:00\" \/>\n<meta property=\"article:modified_time\" content=\"2024-05-21T10:01:18+00:00\" \/>\n<meta property=\"og:image\" content=\"https:\/\/oenobiol.com\/app\/uploads\/2024\/04\/Illustration-droite-desktop-mobile-3-1.png\" \/>\n\t<meta property=\"og:image:width\" content=\"560\" \/>\n\t<meta property=\"og:image:height\" content=\"560\" \/>\n\t<meta property=\"og:image:type\" content=\"image\/png\" \/>\n<meta name=\"author\" content=\"lferdinand\" \/>\n<meta name=\"twitter:card\" content=\"summary_large_image\" \/>\n<meta name=\"twitter:label1\" content=\"Written by\" \/>\n\t<meta name=\"twitter:data1\" content=\"lferdinand\" \/>\n\t<meta name=\"twitter:label2\" content=\"Est. reading time\" \/>\n\t<meta name=\"twitter:data2\" content=\"1 minute\" \/>\n<script type=\"application\/ld+json\" class=\"yoast-schema-graph\">{\"@context\":\"https:\/\/schema.org\",\"@graph\":[{\"@type\":\"Article\",\"@id\":\"https:\/\/oenobiol.com\/fr_fr\/beaute\/ralentir-le-vieillissement-cutane\/#article\",\"isPartOf\":{\"@id\":\"https:\/\/oenobiol.com\/fr_fr\/beaute\/ralentir-le-vieillissement-cutane\/\"},\"author\":{\"name\":\"lferdinand\",\"@id\":\"https:\/\/oenobiol.com\/fr_fr\/#\/schema\/person\/fed6258c8619ddd9ee078a6085d2d5e2\"},\"headline\":\"Ralentir le vieillissement cutan\u00e9\",\"datePublished\":\"2024-04-19T13:58:26+00:00\",\"dateModified\":\"2024-05-21T10:01:18+00:00\",\"mainEntityOfPage\":{\"@id\":\"https:\/\/oenobiol.com\/fr_fr\/beaute\/ralentir-le-vieillissement-cutane\/\"},\"wordCount\":60,\"publisher\":{\"@id\":\"https:\/\/oenobiol.com\/fr_fr\/#organization\"},\"image\":{\"@id\":\"https:\/\/oenobiol.com\/fr_fr\/beaute\/ralentir-le-vieillissement-cutane\/#primaryimage\"},\"thumbnailUrl\":\"https:\/\/oenobiol.com\/app\/uploads\/2024\/04\/Illustration-droite-desktop-mobile-3-1.png\",\"articleSection\":[\"Beaut\u00e9\"],\"inLanguage\":\"fr-FR-\"},{\"@type\":\"WebPage\",\"@id\":\"https:\/\/oenobiol.com\/fr_fr\/beaute\/ralentir-le-vieillissement-cutane\/\",\"url\":\"https:\/\/oenobiol.com\/fr_fr\/beaute\/ralentir-le-vieillissement-cutane\/\",\"name\":\"Ralentir le vieillissement cutan\u00e9 - Oenobiol\",\"isPartOf\":{\"@id\":\"https:\/\/oenobiol.com\/fr_fr\/#website\"},\"primaryImageOfPage\":{\"@id\":\"https:\/\/oenobiol.com\/fr_fr\/beaute\/ralentir-le-vieillissement-cutane\/#primaryimage\"},\"image\":{\"@id\":\"https:\/\/oenobiol.com\/fr_fr\/beaute\/ralentir-le-vieillissement-cutane\/#primaryimage\"},\"thumbnailUrl\":\"https:\/\/oenobiol.com\/app\/uploads\/2024\/04\/Illustration-droite-desktop-mobile-3-1.png\",\"datePublished\":\"2024-04-19T13:58:26+00:00\",\"dateModified\":\"2024-05-21T10:01:18+00:00\",\"description\":\"Si nous ne pouvons pas inverser le processus de vieillissement, nous pouvons en revanche agir t\u00f4t pour le ralentir. Voici nos conseils :\",\"breadcrumb\":{\"@id\":\"https:\/\/oenobiol.com\/fr_fr\/beaute\/ralentir-le-vieillissement-cutane\/#breadcrumb\"},\"inLanguage\":\"fr-FR-\",\"potentialAction\":[{\"@type\":\"ReadAction\",\"target\":[\"https:\/\/oenobiol.com\/fr_fr\/beaute\/ralentir-le-vieillissement-cutane\/\"]}]},{\"@type\":\"ImageObject\",\"inLanguage\":\"fr-FR-\",\"@id\":\"https:\/\/oenobiol.com\/fr_fr\/beaute\/ralentir-le-vieillissement-cutane\/#primaryimage\",\"url\":\"https:\/\/oenobiol.com\/app\/uploads\/2024\/04\/Illustration-droite-desktop-mobile-3-1.png\",\"contentUrl\":\"https:\/\/oenobiol.com\/app\/uploads\/2024\/04\/Illustration-droite-desktop-mobile-3-1.png\",\"width\":560,\"height\":560,\"caption\":\"Illustration droite (desktop + mobile) gamme peau\"},{\"@type\":\"BreadcrumbList\",\"@id\":\"https:\/\/oenobiol.com\/fr_fr\/beaute\/ralentir-le-vieillissement-cutane\/#breadcrumb\",\"itemListElement\":[{\"@type\":\"ListItem\",\"position\":1,\"name\":\"Accueil\",\"item\":\"https:\/\/oenobiol.com\/fr_fr\/\"},{\"@type\":\"ListItem\",\"position\":2,\"name\":\"Ralentir le vieillissement cutan\u00e9\"}]},{\"@type\":\"WebSite\",\"@id\":\"https:\/\/oenobiol.com\/fr_fr\/#website\",\"url\":\"https:\/\/oenobiol.com\/fr_fr\/\",\"name\":\"Oenobiol\",\"description\":\"\",\"publisher\":{\"@id\":\"https:\/\/oenobiol.com\/fr_fr\/#organization\"},\"potentialAction\":[{\"@type\":\"SearchAction\",\"target\":{\"@type\":\"EntryPoint\",\"urlTemplate\":\"https:\/\/oenobiol.com\/fr_fr\/?s={search_term_string}\"},\"query-input\":{\"@type\":\"PropertyValueSpecification\",\"valueRequired\":true,\"valueName\":\"search_term_string\"}}],\"inLanguage\":\"fr-FR-\"},{\"@type\":\"Organization\",\"@id\":\"https:\/\/oenobiol.com\/fr_fr\/#organization\",\"name\":\"Oenobiol\",\"url\":\"https:\/\/oenobiol.com\/fr_fr\/\",\"logo\":{\"@type\":\"ImageObject\",\"inLanguage\":\"fr-FR-\",\"@id\":\"https:\/\/oenobiol.com\/fr_fr\/#\/schema\/logo\/image\/\",\"url\":\"https:\/\/oenobiol.com\/app\/uploads\/2024\/05\/logo-baseline-2-1.svg\",\"contentUrl\":\"https:\/\/oenobiol.com\/app\/uploads\/2024\/05\/logo-baseline-2-1.svg\",\"width\":131,\"height\":41,\"caption\":\"Oenobiol\"},\"image\":{\"@id\":\"https:\/\/oenobiol.com\/fr_fr\/#\/schema\/logo\/image\/\"}},{\"@type\":\"Person\",\"@id\":\"https:\/\/oenobiol.com\/fr_fr\/#\/schema\/person\/fed6258c8619ddd9ee078a6085d2d5e2\",\"name\":\"lferdinand\",\"image\":{\"@type\":\"ImageObject\",\"inLanguage\":\"fr-FR-\",\"@id\":\"https:\/\/oenobiol.com\/fr_fr\/#\/schema\/person\/image\/\",\"url\":\"https:\/\/secure.gravatar.com\/avatar\/67a2fdb1eb418775cc50a0c57bcbb4f616be14674a26282caf47292658da18cd?s=96&d=mm&r=g\",\"contentUrl\":\"https:\/\/secure.gravatar.com\/avatar\/67a2fdb1eb418775cc50a0c57bcbb4f616be14674a26282caf47292658da18cd?s=96&d=mm&r=g\",\"caption\":\"lferdinand\"}}]}<\/script>\n<!-- \/ Yoast SEO plugin. -->","yoast_head_json":{"title":"Ralentir le vieillissement cutan\u00e9 - Oenobiol","description":"Si nous ne pouvons pas inverser le processus de vieillissement, nous pouvons en revanche agir t\u00f4t pour le ralentir. Voici nos conseils :","robots":{"index":"index","follow":"follow","max-snippet":"max-snippet:-1","max-image-preview":"max-image-preview:large","max-video-preview":"max-video-preview:-1"},"canonical":"https:\/\/oenobiol.com\/fr_fr\/beaute\/ralentir-le-vieillissement-cutane\/","og_locale":"fr_FR","og_type":"article","og_title":"Ralentir le vieillissement cutan\u00e9 - Oenobiol","og_description":"Si nous ne pouvons pas inverser le processus de vieillissement, nous pouvons en revanche agir t\u00f4t pour le ralentir. Voici nos conseils :","og_url":"https:\/\/oenobiol.com\/fr_fr\/beaute\/ralentir-le-vieillissement-cutane\/","og_site_name":"Oenobiol","article_published_time":"2024-04-19T13:58:26+00:00","article_modified_time":"2024-05-21T10:01:18+00:00","og_image":[{"width":560,"height":560,"url":"https:\/\/oenobiol.com\/app\/uploads\/2024\/04\/Illustration-droite-desktop-mobile-3-1.png","type":"image\/png"}],"author":"lferdinand","twitter_card":"summary_large_image","twitter_misc":{"Written by":"lferdinand","Est. reading time":"1 minute"},"schema":{"@context":"https:\/\/schema.org","@graph":[{"@type":"Article","@id":"https:\/\/oenobiol.com\/fr_fr\/beaute\/ralentir-le-vieillissement-cutane\/#article","isPartOf":{"@id":"https:\/\/oenobiol.com\/fr_fr\/beaute\/ralentir-le-vieillissement-cutane\/"},"author":{"name":"lferdinand","@id":"https:\/\/oenobiol.com\/fr_fr\/#\/schema\/person\/fed6258c8619ddd9ee078a6085d2d5e2"},"headline":"Ralentir le vieillissement cutan\u00e9","datePublished":"2024-04-19T13:58:26+00:00","dateModified":"2024-05-21T10:01:18+00:00","mainEntityOfPage":{"@id":"https:\/\/oenobiol.com\/fr_fr\/beaute\/ralentir-le-vieillissement-cutane\/"},"wordCount":60,"publisher":{"@id":"https:\/\/oenobiol.com\/fr_fr\/#organization"},"image":{"@id":"https:\/\/oenobiol.com\/fr_fr\/beaute\/ralentir-le-vieillissement-cutane\/#primaryimage"},"thumbnailUrl":"https:\/\/oenobiol.com\/app\/uploads\/2024\/04\/Illustration-droite-desktop-mobile-3-1.png","articleSection":["Beaut\u00e9"],"inLanguage":"fr-FR-"},{"@type":"WebPage","@id":"https:\/\/oenobiol.com\/fr_fr\/beaute\/ralentir-le-vieillissement-cutane\/","url":"https:\/\/oenobiol.com\/fr_fr\/beaute\/ralentir-le-vieillissement-cutane\/","name":"Ralentir le vieillissement cutan\u00e9 - Oenobiol","isPartOf":{"@id":"https:\/\/oenobiol.com\/fr_fr\/#website"},"primaryImageOfPage":{"@id":"https:\/\/oenobiol.com\/fr_fr\/beaute\/ralentir-le-vieillissement-cutane\/#primaryimage"},"image":{"@id":"https:\/\/oenobiol.com\/fr_fr\/beaute\/ralentir-le-vieillissement-cutane\/#primaryimage"},"thumbnailUrl":"https:\/\/oenobiol.com\/app\/uploads\/2024\/04\/Illustration-droite-desktop-mobile-3-1.png","datePublished":"2024-04-19T13:58:26+00:00","dateModified":"2024-05-21T10:01:18+00:00","description":"Si nous ne pouvons pas inverser le processus de vieillissement, nous pouvons en revanche agir t\u00f4t pour le ralentir. Voici nos conseils :","breadcrumb":{"@id":"https:\/\/oenobiol.com\/fr_fr\/beaute\/ralentir-le-vieillissement-cutane\/#breadcrumb"},"inLanguage":"fr-FR-","potentialAction":[{"@type":"ReadAction","target":["https:\/\/oenobiol.com\/fr_fr\/beaute\/ralentir-le-vieillissement-cutane\/"]}]},{"@type":"ImageObject","inLanguage":"fr-FR-","@id":"https:\/\/oenobiol.com\/fr_fr\/beaute\/ralentir-le-vieillissement-cutane\/#primaryimage","url":"https:\/\/oenobiol.com\/app\/uploads\/2024\/04\/Illustration-droite-desktop-mobile-3-1.png","contentUrl":"https:\/\/oenobiol.com\/app\/uploads\/2024\/04\/Illustration-droite-desktop-mobile-3-1.png","width":560,"height":560,"caption":"Illustration droite (desktop + mobile) gamme peau"},{"@type":"BreadcrumbList","@id":"https:\/\/oenobiol.com\/fr_fr\/beaute\/ralentir-le-vieillissement-cutane\/#breadcrumb","itemListElement":[{"@type":"ListItem","position":1,"name":"Accueil","item":"https:\/\/oenobiol.com\/fr_fr\/"},{"@type":"ListItem","position":2,"name":"Ralentir le vieillissement cutan\u00e9"}]},{"@type":"WebSite","@id":"https:\/\/oenobiol.com\/fr_fr\/#website","url":"https:\/\/oenobiol.com\/fr_fr\/","name":"Oenobiol","description":"","publisher":{"@id":"https:\/\/oenobiol.com\/fr_fr\/#organization"},"potentialAction":[{"@type":"SearchAction","target":{"@type":"EntryPoint","urlTemplate":"https:\/\/oenobiol.com\/fr_fr\/?s={search_term_string}"},"query-input":{"@type":"PropertyValueSpecification","valueRequired":true,"valueName":"search_term_string"}}],"inLanguage":"fr-FR-"},{"@type":"Organization","@id":"https:\/\/oenobiol.com\/fr_fr\/#organization","name":"Oenobiol","url":"https:\/\/oenobiol.com\/fr_fr\/","logo":{"@type":"ImageObject","inLanguage":"fr-FR-","@id":"https:\/\/oenobiol.com\/fr_fr\/#\/schema\/logo\/image\/","url":"https:\/\/oenobiol.com\/app\/uploads\/2024\/05\/logo-baseline-2-1.svg","contentUrl":"https:\/\/oenobiol.com\/app\/uploads\/2024\/05\/logo-baseline-2-1.svg","width":131,"height":41,"caption":"Oenobiol"},"image":{"@id":"https:\/\/oenobiol.com\/fr_fr\/#\/schema\/logo\/image\/"}},{"@type":"Person","@id":"https:\/\/oenobiol.com\/fr_fr\/#\/schema\/person\/fed6258c8619ddd9ee078a6085d2d5e2","name":"lferdinand","image":{"@type":"ImageObject","inLanguage":"fr-FR-","@id":"https:\/\/oenobiol.com\/fr_fr\/#\/schema\/person\/image\/","url":"https:\/\/secure.gravatar.com\/avatar\/67a2fdb1eb418775cc50a0c57bcbb4f616be14674a26282caf47292658da18cd?s=96&d=mm&r=g","contentUrl":"https:\/\/secure.gravatar.com\/avatar\/67a2fdb1eb418775cc50a0c57bcbb4f616be14674a26282caf47292658da18cd?s=96&d=mm&r=g","caption":"lferdinand"}}]}},"_links":{"self":[{"href":"https:\/\/oenobiol.com\/fr_fr\/wp-json\/wp\/v2\/posts\/12751","targetHints":{"allow":["GET"]}}],"collection":[{"href":"https:\/\/oenobiol.com\/fr_fr\/wp-json\/wp\/v2\/posts"}],"about":[{"href":"https:\/\/oenobiol.com\/fr_fr\/wp-json\/wp\/v2\/types\/post"}],"author":[{"embeddable":true,"href":"https:\/\/oenobiol.com\/fr_fr\/wp-json\/wp\/v2\/users\/4"}],"replies":[{"embeddable":true,"href":"https:\/\/oenobiol.com\/fr_fr\/wp-json\/wp\/v2\/comments?post=12751"}],"version-history":[{"count":3,"href":"https:\/\/oenobiol.com\/fr_fr\/wp-json\/wp\/v2\/posts\/12751\/revisions"}],"predecessor-version":[{"id":14331,"href":"https:\/\/oenobiol.com\/fr_fr\/wp-json\/wp\/v2\/posts\/12751\/revisions\/14331"}],"wp:featuredmedia":[{"embeddable":true,"href":"https:\/\/oenobiol.com\/fr_fr\/wp-json\/wp\/v2\/media\/9495"}],"wp:attachment":[{"href":"https:\/\/oenobiol.com\/fr_fr\/wp-json\/wp\/v2\/media?parent=12751"}],"wp:term":[{"taxonomy":"category","embeddable":true,"href":"https:\/\/oenobiol.com\/fr_fr\/wp-json\/wp\/v2\/categories?post=12751"}],"curies":[{"name":"wp","href":"https:\/\/api.w.org\/{rel}","templated":true}]}}